[{"@context":"https:\/\/schema.org\/","@type":"Article","@id":"https:\/\/www.ncom.cz\/bydleni-v-zahranici\/#Article","mainEntityOfPage":"https:\/\/www.ncom.cz\/bydleni-v-zahranici\/","headline":"Bydlen\u00ed v zahrani\u010d\u00ed","name":"Bydlen\u00ed v zahrani\u010d\u00ed","description":"Ka\u017ed\u00fd \u010dlov\u011bk chce bydlet tak, jak se mu l\u00edb\u00ed. Je logick\u00e9, \u017ee kdy\u017e budete cht\u00edt bydlet tam, kde v\u00e1m bude dob\u0159e a kde je t\u0159eba teplo, tak klidn\u011b m\u016f\u017eete bydlet&hellip; ","datePublished":"2024-05-28","dateModified":"2024-06-04","author":{"@type":"Person","@id":"https:\/\/www.ncom.cz\/author\/#Person","name":"","url":"https:\/\/www.ncom.cz\/author\/","identifier":1,"image":{"@type":"ImageObject","@id":"https:\/\/secure.gravatar.com\/avatar\/6808215d501bdbb001ef3734be3cdad1be23596de78c590ed2ac5868fce74c95?s=96&d=mm&r=g","url":"https:\/\/secure.gravatar.com\/avatar\/6808215d501bdbb001ef3734be3cdad1be23596de78c590ed2ac5868fce74c95?s=96&d=mm&r=g","height":96,"width":96}},"publisher":{"@type":"Organization","name":"ncom.cz","logo":{"@type":"ImageObject","@id":"\/logo.png","url":"\/logo.png","width":600,"height":60}},"image":{"@type":"ImageObject","@id":"https:\/\/www.ncom.cz\/wp-content\/uploads\/alley-1690053_960_720.jpg","url":"https:\/\/www.ncom.cz\/wp-content\/uploads\/alley-1690053_960_720.jpg","height":0,"width":0},"url":"https:\/\/www.ncom.cz\/bydleni-v-zahranici\/","about":["Bydlen\u00ed"],"wordCount":408,"articleBody":"Ka\u017ed\u00fd \u010dlov\u011bk chce bydlet tak, jak se mu l\u00edb\u00ed. Je logick\u00e9, \u017ee kdy\u017e budete cht\u00edt bydlet tam, kde v\u00e1m bude dob\u0159e a kde je t\u0159eba teplo, tak klidn\u011b m\u016f\u017eete bydlet i v\u00a0zahrani\u010d\u00ed. J\u00e1 jsem v\u017edycky cht\u011bla bydlet v It\u00e1lii. Ale kdy\u017e jsem tohle \u0159ekla sv\u00e9 rodin\u011b, tak ti jenom kroutili hlavou, proto\u017ee necht\u011bli, abych se st\u011bhovala takhle daleko. Oni v\u00ed, \u017ee jsem takov\u00e1 bl\u00e1zniv\u00e1 a \u017ee bych klidn\u011b bydlela t\u00e9m\u011b\u0159 kdekoliv. Jak ve \u0160pan\u011blsku, tak v Portugalsku. Mn\u011b je to \u00fapln\u011b jedno, ale hlavn\u011b, aby tam bylo slunce. Tak\u00e9 jsem st\u00e1le m\u011bla za to, \u017ee jednoho\u00a0dne se zabydl\u00edm v\u00e1\u017en\u011b v It\u00e1lii, ale potom u n\u00e1s v republice jsem na\u0161la jednoho\u00a0kluka. Byl to m\u016fj osudov\u00fd partner, jsme spolu dodnes. A v\u00edte, jak to nakonec cel\u00e9 dopadlo? Samoz\u0159ejm\u011b, \u017ee v\u016fbec nebydl\u00edm v zahrani\u010d\u00ed, nen\u00ed to \u017e\u00e1dn\u00e1\u00a0It\u00e1lie, ani to nen\u00ed \u017e\u00e1dn\u00e9 \u0160pan\u011blsko, ale bydl\u00edme s partnerem v Praze. Moc se n\u00e1m tam l\u00edb\u00ed. V\u017edy\u0165 v Praze jsem se tak\u00e9 narodila, m\u016fj partner tak\u00e9. Jenom\u017ee potom se odst\u011bhoval do Ostravy as z\u00a0Ostravy zp\u00e1tky do Prahy. Byli jsme spolu asi \u0161est\u00a0let, dokud jsme se nerozhodli, \u017ee spolu budeme tak\u00e9 bydlet. D\u0159\u00edve jsme bydleli ka\u017ed\u00fd ve sv\u00e9m. J\u00e1 je\u0161t\u011b bydlela s rodinou a m\u016fj p\u0159\u00edtel bydlel \u00fapln\u011b s\u00e1m. Po \u0161esti\u00a0letech jsme se tedy dohodli, \u017ee p\u016fjdeme bydlet spolu. Bydlen\u00ed\u00a0\u017ee si ud\u011bl\u00e1me opravdu spole\u010dn\u00e9 a kr\u00e1sn\u00e9. A\u00a0proto\u017ee j\u00e1 jsem v\u017edycky cht\u011bla b\u00fdt interi\u00e9rov\u00e1 n\u00e1vrh\u00e1\u0159ka a navrhovat interi\u00e9ry v\u00a0byt\u011b nebo v dom\u011b, tak jsem si v\u0161echno za\u0159\u00eddila po sv\u00e9m. Byla jsem r\u00e1da, \u017ee partnerovi tohle nevadilo a \u017ee sp\u00ed\u0161e uv\u00edtal, \u017ee j\u00e1 se chytnu toho, jak bude za\u0159\u00edzen\u00e9 na\u0161e bydlen\u00ed. Jak bude vypadat n\u00e1\u0161 byt.\u00a0Cht\u011bla jsem hlavn\u011b prostornou terasu anebo velik\u00fd balkon. Na velik\u00fd d\u016fm jsme nem\u011bli samoz\u0159ejm\u011b finance, a tak jsme si koupili mal\u00fd byt, ale zase m\u011bl opravdu velik\u00fd balkon, tohle se mi l\u00edbilo. Proto\u017ee kdy\u017e v byt\u011b nen\u00ed zahrada, co\u017e logicky ani nejde, tak jsem v\u017edycky po\u017eadovala alespo\u0148 velk\u00fd balkon anebo n\u011bjakou terasu.\u00a0                                                                                                                                                                                                                                                                                                                                                                                        3.8\/5 - (5 votes)        "},{"@context":"https:\/\/schema.org\/","@type":"BreadcrumbList","itemListElement":[{"@type":"ListItem","position":1,"name":"Bydlen\u00ed v zahrani\u010d\u00ed","item":"https:\/\/www.ncom.cz\/bydleni-v-zahranici\/#breadcrumbitem"}]}]