[{"@context":"https:\/\/schema.org\/","@type":"Article","@id":"https:\/\/www.ncom.cz\/odjedte-i-kdyz-nemate-auto\/#Article","mainEntityOfPage":"https:\/\/www.ncom.cz\/odjedte-i-kdyz-nemate-auto\/","headline":"Odje\u010fte, i kdy\u017e nem\u00e1te auto","name":"Odje\u010fte, i kdy\u017e nem\u00e1te auto","description":"I kdy\u017e je tu registrov\u00e1no mnoho osobn\u00edch aut, ne ka\u017ed\u00fd auto m\u00e1. Jen\u017ee i ten kdo auto nem\u00e1, ho n\u011bkdy pot\u0159ebuje. N\u011bkdo to \u0159e\u0161\u00ed tak, \u017ee si prost\u011b vyp\u016fj\u010d\u00ed auto&hellip; ","datePublished":"2024-07-12","dateModified":"2024-07-12","author":{"@type":"Person","@id":"https:\/\/www.ncom.cz\/author\/#Person","name":"","url":"https:\/\/www.ncom.cz\/author\/","identifier":1,"image":{"@type":"ImageObject","@id":"https:\/\/secure.gravatar.com\/avatar\/6808215d501bdbb001ef3734be3cdad1be23596de78c590ed2ac5868fce74c95?s=96&d=mm&r=g","url":"https:\/\/secure.gravatar.com\/avatar\/6808215d501bdbb001ef3734be3cdad1be23596de78c590ed2ac5868fce74c95?s=96&d=mm&r=g","height":96,"width":96}},"publisher":{"@type":"Organization","name":"ncom.cz","logo":{"@type":"ImageObject","@id":"\/logo.png","url":"\/logo.png","width":600,"height":60}},"image":{"@type":"ImageObject","@id":"https:\/\/www.ncom.cz\/wp-content\/uploads\/car-5246178_640_10_10_10.jpg","url":"https:\/\/www.ncom.cz\/wp-content\/uploads\/car-5246178_640_10_10_10.jpg","height":0,"width":0},"url":"https:\/\/www.ncom.cz\/odjedte-i-kdyz-nemate-auto\/","about":["Firmy"],"wordCount":457,"articleBody":"         I kdy\u017e je tu registrov\u00e1no mnoho osobn\u00edch aut, ne ka\u017ed\u00fd auto m\u00e1. Jen\u017ee i ten kdo auto nem\u00e1, ho n\u011bkdy pot\u0159ebuje. N\u011bkdo to \u0159e\u0161\u00ed tak, \u017ee si prost\u011b vyp\u016fj\u010d\u00ed auto od n\u011bkoho z rodiny nebo od kamar\u00e1d\u016f, co\u017e ale \u010dasto nen\u00ed dobr\u00fd n\u00e1pad, proto\u017ee se m\u016f\u017ee vyskytnout z\u00e1vada a nebo m\u016f\u017ee doj\u00edt k po\u0161kozen\u00ed nap\u0159\u00edklad p\u0159i hav\u00e1rii, a tak je lep\u0161\u00ed si vyp\u016fj\u010dit auto z p\u016fj\u010dovny. P\u016fj\u010dovny m\u00edvaj\u00ed auta ve skv\u011bl\u00e9m technick\u00e9m stavu, d\u00e1lni\u010dn\u00ed zn\u00e1mky, a nav\u00edc jsou poji\u0161t\u011bna pro p\u0159\u00edpad, \u017ee by se n\u011bco stalo.Nebojte se p\u016fj\u010dit si auto Mnoho lid\u00ed m\u00e1 obavy z toho p\u016fj\u010dit si auto z p\u016fj\u010dovny, proto\u017ee se boj\u00ed \u017ee by ho rozbili. Pokud jezd\u00edte autem b\u011b\u017en\u011b, jist\u011b n\u00e1m na\u0161e auto vr\u00e1t\u00edte v po\u0159\u00e1dku, a kdyby ne, m\u00e1me poji\u0161t\u011bn\u00ed. Je lep\u0161\u00ed si vyp\u016fj\u010dit auto z p\u016fj\u010dovny, ne\u017e p\u0159em\u00fd\u0161let kde vz\u00edt auto a pak riskovat, \u017ee ho nap\u0159\u00edklad \u010dlen rodiny nebo kamar\u00e1d nebude m\u00edt poji\u0161t\u011bn\u00e9 a ono se doopravdy n\u011bco stane.Na\u0161e p\u016fj\u010dovna aut v Praze nab\u00edz\u00ed vyp\u016fj\u010den\u00ed auta nejen pro osobn\u00ed p\u0159epravu. V nab\u00eddce m\u00e1me i auta u\u017eitkov\u00e1, tak\u017ee pokud pot\u0159ebujete dod\u00e1vku, i tu u n\u00e1s najdete. v\u0161echny na\u0161e vozy maj\u00ed plnou n\u00e1dr\u017e a jsou p\u0159ipraveny vyrazit na silnice. Auto v\u00e1m r\u00e1di vyp\u016fj\u010d\u00edme oproti dv\u011bma doklad\u016fm toto\u017enosti s fotkou a uhrazen\u00ed vratn\u00e9 z\u00e1lohy.Jak\u00e1 auta m\u00e1me v nab\u00eddce? Proto\u017ee v\u00edme \u017ee \u010ce\u0161i miluj\u00ed \u0160kodu, kter\u00e1 b\u00fdvala d\u0159\u00edve na\u0161e, nen\u00ed divu, \u017ee nejv\u011bt\u0161\u00ed popt\u00e1vka je pr\u00e1v\u011b po \u0160kod\u011b. Odjet tak m\u016f\u017eete Fabi\u00ed nebo t\u0159eba Octavi\u00ed, a to v proveden\u00ed sedan i combi. P\u016fj\u010dujeme star\u0161\u00ed i nov\u00e9 vozy, tak\u017ee pokud chcete jet t\u0159eba na chatu, auto u n\u00e1s najdete stejn\u011b jako v p\u0159\u00edpad\u011b, \u017ee chcete jet na tuzemskou dovolenou. V\u0161echno co se t\u00fdk\u00e1 na\u0161ich vozidel a podm\u00ednek pro vyp\u016fj\u010den\u00ed v\u00e1m r\u00e1di \u0159ekneme p\u0159i osobn\u00ed sch\u016fzce. R\u00e1di v\u00e1m p\u0159istav\u00edme auto pokud ho pot\u0159ebujete p\u0159istavit, a p\u0159iprav\u00edme v\u00e1m ho nejen ve v\u0161edn\u00ed dny, ale i o v\u00edkendech a sv\u00e1tc\u00edch. Pracujeme toti\u017e nonstop, tak\u017ee bez auta nebudete.                                                                                                                                                                                                                                                                                                                                                                                          4.5\/5 - (10 votes)        "},{"@context":"https:\/\/schema.org\/","@type":"BreadcrumbList","itemListElement":[{"@type":"ListItem","position":1,"name":"Odje\u010fte, i kdy\u017e nem\u00e1te auto","item":"https:\/\/www.ncom.cz\/odjedte-i-kdyz-nemate-auto\/#breadcrumbitem"}]}]