[{"@context":"https:\/\/schema.org\/","@type":"Article","@id":"https:\/\/www.ncom.cz\/skutecne-dnes-detem-chybi-fyzicke-tresty\/#Article","mainEntityOfPage":"https:\/\/www.ncom.cz\/skutecne-dnes-detem-chybi-fyzicke-tresty\/","headline":"Skute\u010dn\u011b dnes d\u011btem chyb\u00ed fyzick\u00e9 tresty?","name":"Skute\u010dn\u011b dnes d\u011btem chyb\u00ed fyzick\u00e9 tresty?","description":"Jednou z\u00a0v\u011bc\u00ed, na kter\u00e9 m\u00e1 ka\u017ed\u00fd jasn\u00fd a obvykle i velmi vyhran\u011bn\u00fd n\u00e1zor jsou mimo jin\u00e9 i fyzick\u00e9 tresty, p\u0159edev\u0161\u00edm pak u d\u011bt\u00ed. Ty maj\u00ed bu\u010f sv\u00e9 p\u0159\u00edznivce \u010di odp\u016frce,&hellip; ","datePublished":"2023-12-25","dateModified":"2023-12-25","author":{"@type":"Person","@id":"https:\/\/www.ncom.cz\/author\/#Person","name":"","url":"https:\/\/www.ncom.cz\/author\/","identifier":1,"image":{"@type":"ImageObject","@id":"https:\/\/secure.gravatar.com\/avatar\/6808215d501bdbb001ef3734be3cdad1be23596de78c590ed2ac5868fce74c95?s=96&d=mm&r=g","url":"https:\/\/secure.gravatar.com\/avatar\/6808215d501bdbb001ef3734be3cdad1be23596de78c590ed2ac5868fce74c95?s=96&d=mm&r=g","height":96,"width":96}},"publisher":{"@type":"Organization","name":"ncom.cz","logo":{"@type":"ImageObject","@id":"\/logo.png","url":"\/logo.png","width":600,"height":60}},"image":{"@type":"ImageObject","@id":"https:\/\/www.ncom.cz\/wp-content\/uploads\/dite4_10_10_10_2.jpg","url":"https:\/\/www.ncom.cz\/wp-content\/uploads\/dite4_10_10_10_2.jpg","height":0,"width":0},"url":"https:\/\/www.ncom.cz\/skutecne-dnes-detem-chybi-fyzicke-tresty\/","about":["D\u011bti"],"wordCount":420,"articleBody":"Jednou z\u00a0v\u011bc\u00ed, na kter\u00e9 m\u00e1 ka\u017ed\u00fd jasn\u00fd a obvykle i velmi vyhran\u011bn\u00fd n\u00e1zor jsou mimo jin\u00e9 i fyzick\u00e9 tresty, p\u0159edev\u0161\u00edm pak u d\u011bt\u00ed. Ty maj\u00ed bu\u010f sv\u00e9 p\u0159\u00edznivce \u010di odp\u016frce, av\u0161ak neexistuje v\u00a0podstat\u011b nikdo, kdo by k\u00a0nim m\u011bl naprosto neutr\u00e1ln\u00ed postoj. A to plat\u00ed i o lidech, kte\u0159\u00ed d\u011bti nemaj\u00ed.\u00a0Je pravdou, \u017ee mnoz\u00ed lid\u00e9 si st\u011b\u017euj\u00ed na chov\u00e1n\u00ed dne\u0161n\u00edch d\u011bt\u00ed. Podle mnoh\u00fdch jim chyb\u00ed respekt, a nav\u00edc toho \u010dasto tak\u00e9 nevydr\u017e\u00ed tolik, jako jejich rodi\u010de \u010di prarodi\u010de v\u00a0jejich v\u011bku. Zab\u00fdvaj\u00ed se nepodstatn\u00fdmi v\u011bcmi, zat\u00edmco ka\u0161lou na ty, kter\u00e9 jsou skute\u010dn\u011b d\u016fle\u017eit\u00e9. Tak\u00e9 se mezi nimi rozm\u00e1h\u00e1 st\u00e1le v\u00edce psychick\u00fdch onemocn\u011bn\u00ed, co\u017e tak\u00e9 d\u0159\u00edve nebylo ani zdaleka tak \u010dast\u00e9.\u00a0\u00a0Mnoz\u00ed pak tvrd\u00ed, \u017ee je to d\u016fsledkem jejich rozmazlov\u00e1n\u00ed a nedostatkem tvrdosti, ke kter\u00e9 samoz\u0159ejm\u011b pat\u0159\u00ed tak\u00e9 fyzick\u00e9 tresty. D\u00e1vaj\u00ed to za vinu \u201evoln\u00e9 v\u00fdchov\u011b\u201c, a jsou toho n\u00e1zoru, \u017ee by se bit\u00ed m\u011blo do v\u00fdchovy vr\u00e1tit, a to nejen doma, ale tak\u00e9 ve \u0161kol\u00e1ch. Jen tak si pr\u00fd u\u010ditel\u00e9 z\u00edskaj\u00ed dostate\u010dn\u00fd respekt.\u00a0Je v\u0161ak ot\u00e1zkou, zda tomu skute\u010dn\u011b tak je. V\u00a0tomto smyslu byla toti\u017e provedena cel\u00e1 \u0159ada v\u00fdzkum\u016f. Ty pak ukazuj\u00ed, \u017ee tak tomu skute\u010dn\u011b nen\u00ed. Nav\u00edc je pravdou, \u017ee v\u00fdhrady star\u0161\u00edch lid\u00ed k\u00a0mlad\u0161\u00edm generac\u00edm nejsou ani zdaleka nic nov\u00e9ho. Jsou zn\u00e1m\u00e9 ji\u017e od dob star\u00e9 Antiky, a lze si tak\u00e9 vzpomenout na osmdes\u00e1t\u00e1 l\u00e9ta, kter\u00e1 byla mnohdy pr\u00e1v\u011b ve znamen\u00ed odboje proti rodi\u010d\u016fm.\u00a0\u00a0Co se fyzick\u00fdch trest\u016f t\u00fd\u010de, tak zde se v\u0161ichni psychologov\u00e9 shoduj\u00ed na tom, \u017ee jsou nejen neefektivn\u00ed, ale tak\u00e9 kontraproduktivn\u00ed. Jednodu\u0161e \u0159e\u010deno maj\u00ed obvykle sp\u00ed\u0161e opa\u010dn\u00fd efekt, ne\u017e kter\u00e9ho se sna\u017e\u00edme dos\u00e1hnout. Nehled\u011b na fakt, \u017ee valn\u00e1 \u010d\u00e1st rodi\u010d\u016f, ani\u017e si to uv\u011bdomuje, je pou\u017e\u00edv\u00e1 mimo jin\u00e9 tak\u00e9 k\u00a0ventilov\u00e1n\u00ed vlastn\u00ed frustrace \u2013 a to nem\u00e1 s\u00a0v\u00fdchovou v\u016fbec nic spole\u010dn\u00e9ho.\u00a0Proto bychom si m\u011bli uv\u011bdomit, \u017ee respekt u d\u011bt\u00ed lze z\u00edskat i jin\u00fdmi cestami, a v\u00a0podstat\u011b neexistuje situace, kdy by bylo fyzick\u00e9 n\u00e1sil\u00ed t\u00edm nejlep\u0161\u00edm \u0159e\u0161en\u00edm. Proto bychom od n\u011bj m\u011bli upustit.                                                                                                                                                                                                                                                                                                                                                                                        4.2\/5 - (4 votes)        "},{"@context":"https:\/\/schema.org\/","@type":"BreadcrumbList","itemListElement":[{"@type":"ListItem","position":1,"name":"Skute\u010dn\u011b dnes d\u011btem chyb\u00ed fyzick\u00e9 tresty?","item":"https:\/\/www.ncom.cz\/skutecne-dnes-detem-chybi-fyzicke-tresty\/#breadcrumbitem"}]}]