[{"@context":"https:\/\/schema.org\/","@type":"Article","@id":"https:\/\/www.ncom.cz\/zazracna-promena\/#Article","mainEntityOfPage":"https:\/\/www.ncom.cz\/zazracna-promena\/","headline":"Z\u00e1zra\u010dn\u00e1 prom\u011bna","name":"Z\u00e1zra\u010dn\u00e1 prom\u011bna","description":"N\u011bkdo m\u00e1 ple\u0165 jako broskvi\u010dku a do salonu si to chod\u00ed jenom u\u017e\u00edt. P\u0159\u00edjemn\u00fd relax a spokojenost. Ale ne ka\u017ed\u00fd se m\u016f\u017ee pochlubit zdravou poko\u017ekou. Je dost takov\u00fdch, kter\u00e9 pohled&hellip; ","datePublished":"2023-05-21","dateModified":"2024-05-24","author":{"@type":"Person","@id":"https:\/\/www.ncom.cz\/author\/#Person","name":"","url":"https:\/\/www.ncom.cz\/author\/","identifier":1,"image":{"@type":"ImageObject","@id":"https:\/\/secure.gravatar.com\/avatar\/6808215d501bdbb001ef3734be3cdad1be23596de78c590ed2ac5868fce74c95?s=96&d=mm&r=g","url":"https:\/\/secure.gravatar.com\/avatar\/6808215d501bdbb001ef3734be3cdad1be23596de78c590ed2ac5868fce74c95?s=96&d=mm&r=g","height":96,"width":96}},"publisher":{"@type":"Organization","name":"ncom.cz","logo":{"@type":"ImageObject","@id":"\/logo.png","url":"\/logo.png","width":600,"height":60}},"url":"https:\/\/www.ncom.cz\/zazracna-promena\/","wordCount":250,"articleBody":"N\u011bkdo m\u00e1 ple\u0165 jako broskvi\u010dku a do salonu si to chod\u00ed jenom u\u017e\u00edt. P\u0159\u00edjemn\u00fd relax a spokojenost. Ale ne ka\u017ed\u00fd se m\u016f\u017ee pochlubit zdravou poko\u017ekou. Je dost takov\u00fdch, kter\u00e9 pohled do zrcadla sp\u00ed\u0161 rozru\u0161\u00ed. Akn\u00e9, c\u00e9vn\u00ed defekty, hyperpigmentace podr\u00e1\u017ed\u011bn\u00e1 a citliv\u00e1 ple\u0165. To jsou jen n\u011bkter\u00e9 z probl\u00e9m\u016f, je\u017e dok\u00e1\u017eou \u017eivot po\u0159\u00e1dn\u011b znep\u0159\u00edjemnit. Na\u0161t\u011bst\u00ed existuje \u0159e\u0161en\u00ed, kter\u00e9 nen\u00ed spojen\u00e9 s l\u00e9ka\u0159skou p\u00e9\u010d\u00ed. Profesion\u00e1ln\u00ed izraelsk\u00e1 kosmetika zna\u010dky Christina je t\u00edm, co s va\u0161\u00ed pomoc\u00ed klienty s nejr\u016fzn\u011bj\u0161\u00edm estetick\u00fdmi vadami poko\u017eky doslova jako z\u00e1zrakem prom\u011bn\u00ed.\tZaru\u010den\u011b \u00fa\u010dinn\u00e1 pomocKosmetika pom\u00e1haj\u00edc\u00ed \u0159e\u0161it r\u016fzn\u00e9 estetick\u00e9 probl\u00e9my, by nem\u011bla b\u00fdt pro ty, kte\u0159\u00ed poskytuj\u00ed takov\u00e9 slu\u017eby, ni\u010d\u00edm nezn\u00e1m\u00fdm. Do salon\u016f kr\u00e1sy nechod\u00ed klienti pouze za odpo\u010dinkem a snahou udr\u017eet si mladistv\u00fd vzhled. Je dost t\u011bch, kter\u00e9 tr\u00e1p\u00ed jejich ple\u0165 natolik, \u017ee jim to ztrp\u010duje \u017eivot. Krom\u011b p\u0159irozen\u00fdch projev\u016f st\u00e1rnut\u00ed jde o r\u016fzn\u00e9 estetick\u00e9 vady poko\u017eky. A naj\u00edt skute\u010dn\u011b \u00fa\u010dinn\u00e9 \u0159e\u0161en\u00ed by m\u011blo b\u00fdt v sil\u00e1ch t\u011bch, na n\u011b\u017e se klienti s d\u016fv\u011brou obrac\u00ed. Jestli chcete m\u00edt po ruce skute\u010dn\u011b \u00fa\u010dinnou pomoc, tak sta\u010d\u00ed vyu\u017e\u00edt mo\u017enosti, kter\u00e9 nab\u00edz\u00ed l\u00e9\u010div\u00e1 profesion\u00e1ln\u00ed kosmetika zna\u010dky Christina.                                                                                                                                                                                                                                                                                                                                                                                        3.5\/5 - (6 votes)        "},{"@context":"https:\/\/schema.org\/","@type":"BreadcrumbList","itemListElement":[{"@type":"ListItem","position":1,"name":"Z\u00e1zra\u010dn\u00e1 prom\u011bna","item":"https:\/\/www.ncom.cz\/zazracna-promena\/#breadcrumbitem"}]}]